{"id":4965,"date":"2025-10-17T19:59:14","date_gmt":"2025-10-17T18:59:14","guid":{"rendered":"https:\/\/mediumpurple-heron-149339.hostingersite.com\/?p=4965"},"modified":"2026-01-31T17:33:24","modified_gmt":"2026-01-31T16:33:24","slug":"el-nou-taller-de-la-destil%c2%b7leria","status":"publish","type":"post","link":"https:\/\/paticatalacalafell.cat\/es\/el-nou-taller-de-la-destil%c2%b7leria\/","title":{"rendered":"El nuevo taller de la Destiler\u00eda"},"content":{"rendered":"<p>Si la actividad principal, que no la \u00fanica, de la Asociaci\u00f3n es la reparaci\u00f3n y mantenimiento de las embarcaciones de pesca tradicional pareadas con vela latina, un buen taller es imprescindible, y aunque desde el inicio ya hab\u00eda dentro de la nave de la Destiler\u00eda, era necesario disponer de m\u00e1s espacio, no s\u00f3lo para arreglar barcas, sino tambi\u00e9n para poder, con poder, culturales que semana tras semana tienen lugar en la sala polivalente.<\/p>\n\n\n\n<p>Esta necesidad de trasladar el taller al patio de la Destiler\u00eda ha surgido, fundamentalmente, por tres razones. La primera, por el n\u00famero de barcas, ya m\u00e1s que considerable, que gestionamos y cuidamos, como por ejemplo La Francisca, propiedad del Ayuntamiento de Calafell, Santa Espina, propiedad del Museo Mar\u00edtimo de Barcelona cuyo uso tambi\u00e9n nos ha sido cedido, y el resto como Galatz\u00f3, Barrala, Montserrat, Sui y muchas otras. En segundo lugar, para poder continuar con los cursos de iniciaci\u00f3n a la profesi\u00f3n de maestro de ribera que abrimos en 2025 y que gracias al \u00e9xito obtenido, se repetir\u00e1n en este nuevo espacio. Y tercero, porque m\u00e1s tarde o m\u00e1s temprano, la Destiler\u00eda se someter\u00e1 a una importante reforma y actualizaci\u00f3n para que queremos que sea un referente del mar de Calafell, y el complemento de otros equipamientos dedicados a mundo marinero del municipio como la Cofrad\u00eda de Pescadores y el Museo Casa Barral.<\/p>\n\n\n\n<p>Por estas razones, y gracias a la ayuda del Fondo Europeo Mar\u00edtimo, de Pesca y Agricultura (FEMPA), en este caso gestionado por el GALP COSTA DAURADA (Grupo de Acci\u00f3n Local de Pesca), podemos estrenar este nuevo taller construido en el patio de la Destiler\u00eda, separando de este modo el espacio de las actividades culturales de lo que es.<\/p>\n\n\n\n<figure class=\"wp-block-embed is-type-video is-provider-flickr wp-block-embed-flickr\"><div class=\"wp-block-embed__wrapper\">\n<div style=\"top: 0; left: 0; width: 100%; height: 0; position: relative; padding-bottom: 56.25%;\">\t\t\t\t<iframe title=\"Video Taller 2025\" style=\"width: 100%; height: 100%; position: absolute;\"  src=\"https:\/\/embedr.flickr.com\/photos\/54861413374\" width=\"640\" height=\"362\" frameborder=\"0\" allow=\"autoplay; fullscreen\" allowfullscreen><\/iframe><\/div>\n<\/div><\/figure>\n\n\n\n<p><strong>PROYECTO COFINANCIADO POR EL FONDO EUROPEO MAR\u00cdTIMO, DE PESCA Y AGRICULTURA (FEMPA) CON EL APOYO DE LA GENERALIDAD DE CATALU\u00d1A<\/strong><\/p>\n\n\n\n<div class=\"wp-block-columns alignwide are-vertically-aligned-center is-layout-flex wp-container-core-columns-is-layout-28f84493 wp-block-columns-is-layout-flex\">\n<div class=\"wp-block-column is-vertically-aligned-center is-layout-flow wp-block-column-is-layout-flow\">\n<figure class=\"wp-block-image aligncenter size-full\"><img decoding=\"async\" width=\"395\" height=\"104\" src=\"https:\/\/paticatalacalafell.cat\/wp-content\/uploads\/2025\/10\/logo_CofinancatUnioEuropea.png\" alt=\"\" class=\"wp-image-4981\" title=\"\" srcset=\"https:\/\/paticatalacalafell.cat\/wp-content\/uploads\/2025\/10\/logo_CofinancatUnioEuropea.png 395w, https:\/\/paticatalacalafell.cat\/wp-content\/uploads\/2025\/10\/logo_CofinancatUnioEuropea-300x79.png 300w, https:\/\/paticatalacalafell.cat\/wp-content\/uploads\/2025\/10\/logo_CofinancatUnioEuropea-18x5.png 18w\" sizes=\"(max-width: 395px) 100vw, 395px\" \/><\/figure>\n<\/div>\n\n\n\n<div class=\"wp-block-column is-vertically-aligned-center is-layout-flow wp-block-column-is-layout-flow\">\n<figure class=\"wp-block-image aligncenter size-full\"><img decoding=\"async\" width=\"322\" height=\"81\" src=\"https:\/\/paticatalacalafell.cat\/wp-content\/uploads\/2025\/10\/logo_GALp_CostaDaurada-1.png\" alt=\"\" class=\"wp-image-4987\" title=\"\" srcset=\"https:\/\/paticatalacalafell.cat\/wp-content\/uploads\/2025\/10\/logo_GALp_CostaDaurada-1.png 322w, https:\/\/paticatalacalafell.cat\/wp-content\/uploads\/2025\/10\/logo_GALp_CostaDaurada-1-300x75.png 300w, https:\/\/paticatalacalafell.cat\/wp-content\/uploads\/2025\/10\/logo_GALp_CostaDaurada-1-18x5.png 18w\" sizes=\"(max-width: 322px) 100vw, 322px\" \/><\/figure>\n<\/div>\n<\/div>\n\n\n\n<figure class=\"wp-block-image aligncenter size-full\"><img fetchpriority=\"high\" decoding=\"async\" width=\"449\" height=\"125\" src=\"https:\/\/paticatalacalafell.cat\/wp-content\/uploads\/2025\/10\/Captura-de-pantalla-2025-10-20-095606.png\" alt=\"\" class=\"wp-image-5001\" title=\"\" srcset=\"https:\/\/paticatalacalafell.cat\/wp-content\/uploads\/2025\/10\/Captura-de-pantalla-2025-10-20-095606.png 449w, https:\/\/paticatalacalafell.cat\/wp-content\/uploads\/2025\/10\/Captura-de-pantalla-2025-10-20-095606-300x84.png 300w, https:\/\/paticatalacalafell.cat\/wp-content\/uploads\/2025\/10\/Captura-de-pantalla-2025-10-20-095606-18x5.png 18w\" sizes=\"(max-width: 449px) 100vw, 449px\" \/><\/figure>","protected":false},"excerpt":{"rendered":"<p>La Asociaci\u00f3n ha trasladado su taller al patio de la Destiler\u00eda para disponer de m\u00e1s espacio para las barcas, continuar los cursos de ribera y preparar la futura reforma del edificio, gracias al apoyo del FEMPA gestionado por el GALP Costa Daurada.<\/p>","protected":false},"author":3,"featured_media":4979,"comment_status":"closed","ping_status":"closed","sticky":false,"template":"","format":"standard","meta":{"footnotes":""},"categories":[10,17],"tags":[],"class_list":["post-4965","post","type-post","status-publish","format-standard","has-post-thumbnail","hentry","category-activitats-la-vela-llatina","category-noticies-vela-llatina"],"_links":{"self":[{"href":"https:\/\/paticatalacalafell.cat\/es\/wp-json\/wp\/v2\/posts\/4965","targetHints":{"allow":["GET"]}}],"collection":[{"href":"https:\/\/paticatalacalafell.cat\/es\/wp-json\/wp\/v2\/posts"}],"about":[{"href":"https:\/\/paticatalacalafell.cat\/es\/wp-json\/wp\/v2\/types\/post"}],"author":[{"embeddable":true,"href":"https:\/\/paticatalacalafell.cat\/es\/wp-json\/wp\/v2\/users\/3"}],"replies":[{"embeddable":true,"href":"https:\/\/paticatalacalafell.cat\/es\/wp-json\/wp\/v2\/comments?post=4965"}],"version-history":[{"count":21,"href":"https:\/\/paticatalacalafell.cat\/es\/wp-json\/wp\/v2\/posts\/4965\/revisions"}],"predecessor-version":[{"id":5361,"href":"https:\/\/paticatalacalafell.cat\/es\/wp-json\/wp\/v2\/posts\/4965\/revisions\/5361"}],"wp:featuredmedia":[{"embeddable":true,"href":"https:\/\/paticatalacalafell.cat\/es\/wp-json\/wp\/v2\/media\/4979"}],"wp:attachment":[{"href":"https:\/\/paticatalacalafell.cat\/es\/wp-json\/wp\/v2\/media?parent=4965"}],"wp:term":[{"taxonomy":"category","embeddable":true,"href":"https:\/\/paticatalacalafell.cat\/es\/wp-json\/wp\/v2\/categories?post=4965"},{"taxonomy":"post_tag","embeddable":true,"href":"https:\/\/paticatalacalafell.cat\/es\/wp-json\/wp\/v2\/tags?post=4965"}],"curies":[{"name":"wp","href":"https:\/\/api.w.org\/{rel}","templated":true}]}}