{"id":5518,"date":"2026-03-10T23:44:00","date_gmt":"2026-03-10T22:44:00","guid":{"rendered":"https:\/\/paticatalacalafell.cat\/?p=5518"},"modified":"2026-03-11T09:38:05","modified_gmt":"2026-03-11T08:38:05","slug":"el-biotop-de-torredembarra","status":"publish","type":"post","link":"https:\/\/paticatalacalafell.cat\/es\/el-biotop-de-torredembarra\/","title":{"rendered":"El Biotop de Torredembarra"},"content":{"rendered":"<p><strong>La Destiler\u00eda de Calafell acoge estos d\u00edas y durante todo el mes de abril, <\/strong>una exposici\u00f3n \u00fanica, que vale la pena visitar, y que sus creadores han titulado <strong>Un Mediterr\u00e1neo vive<\/strong>.<\/p>\n\n\n\n<p>Todo empez\u00f3 con una sencilla pregunta que se hicieron los dos ide\u00f3logos del proyecto, Miquel Rota y el ocean\u00f3grafo Oriol Mil\u00e0: \u00bfqu\u00e9 pasar\u00eda si construy\u00e9ramos con el mar, en lugar de contra \u00e9l? Desde aqu\u00ed naci\u00f3 un proyecto que une ciencia, arte y comunidad, con el objetivo de restaurar los ecosistemas marinos del Mediterr\u00e1neo y conectar a las personas con su entorno m\u00e1s cercano: el mar.  Es lo que los creadores denominan como el <strong>Bi\u00f3topo de Torredembarra,<\/strong> el primer gran arrecife submarino creado a una distancia de una milla del puerto.<\/p>\n\n\n\n<p>Es el primer biotopo artificial de este tama\u00f1o en el mundo y el \u00fanico del Mediterr\u00e1neo que sirve para regenerar la fauna y flora marinas aut\u00f3ctonas de la zona de Torredembarra.<\/p>\n\n\n\n<p>La estructura del biotopo tiene forma c\u00f3nica, de pir\u00e1mide, y est\u00e1 formada por 40.000 toneladas de rocas de carbonato c\u00e1lcico de entre 1 y 2 m3. La base de este impresionante arrecife est\u00e1 situada a 34 metros de profundidad y tiene una altura total de 22 metros. La parte m\u00e1s alta de la pir\u00e1mide submarina est\u00e1 a 12 metros de profundidad.<\/p>\n\n\n\n<p>La construcci\u00f3n del <strong>Bi\u00f3topo de Torredembarra<\/strong> dur\u00f3 tres meses (de enero a abril de 2023) y la intenci\u00f3n que hay detr\u00e1s del proyecto fue restaurar el equilibrio ecol\u00f3gico en la zona, con la reintroducci\u00f3n natural de especies aut\u00f3ctonas. Pero este proyecto no s\u00f3lo busca proteger la biodiversidad marina, sino tambi\u00e9n fomentar la educaci\u00f3n y conciencia ambiental en nuestra sociedad. Un a\u00f1o despu\u00e9s de su finalizaci\u00f3n, el <strong>Bi\u00f3topo <\/strong>cuenta con una impresionante nube permanente de vida marina a su alrededor, es el refugio de m\u00e1s de 250 especies marinas y se ha convertido en una de las pocas estaciones de limpieza conocidas de peces luna, por lo que es habitual su avistamiento, y ya se han registrado varias inmersiones con avistamiento de delfines.<\/p>\n\n\n\n<p>En conclusi\u00f3n, el <strong>Bi\u00f3topo de Torredembarra<\/strong>, con s\u00f3lo un a\u00f1o de vida, se ha convertido en un referente indiscutible de estudios medioambientales submarinos y en una de las inmersiones m\u00e1s espectaculares que se pueden realizar en nuestra costa.<\/p>\n\n\n\n<p>Cabe decir que este proyecto es ya una realidad y ha sido posible gracias al apoyo de la Fundaci\u00f3n Pinae y al apoyo de BMW Grup, que han hecho realidad el objetivo de traducir el conocimiento cient\u00edfico en emoci\u00f3n y curiosidad.<\/p>\n\n\n\n<figure class=\"wp-block-embed is-type-video is-provider-youtube wp-block-embed-youtube wp-embed-aspect-16-9 wp-has-aspect-ratio\"><div class=\"wp-block-embed__wrapper\">\n<iframe title=\"La exposici\u00f3n &quot;Un mediterr\u00e1neo vivo&quot; en el Ecomuseo Destiler\u00eda de Calafell\" width=\"800\" height=\"450\" src=\"https:\/\/www.youtube.com\/embed\/uRiuuc82ePg?feature=oembed\" frameborder=\"0\" allow=\"accelerometer; autoplay; clipboard-write; encrypted-media; gyroscope; picture-in-picture; web-share\" referrerpolicy=\"strict-origin-when-cross-origin\" allowfullscreen><\/iframe>\n<\/div><figcaption class=\"wp-element-caption\">Video de la inauguraci\u00f3n en el canal de Calafell Televisi\u00f3n - Calafell Radio 107.9 FM<\/figcaption><\/figure>\n\n\n\n<p>Os animamos, pues, a visitar la exposici\u00f3n que no le dejar\u00e1 indiferentes, y si alg\u00fan\/a atrevido\/a quiere sumergirse, los responsables del <strong>Bi\u00f3topo<\/strong> le llevar\u00e1n.<\/p>\n\n\n\n<div class=\"wp-block-columns is-layout-flex wp-container-core-columns-is-layout-28f84493 wp-block-columns-is-layout-flex\">\n<div class=\"wp-block-column is-layout-flow wp-block-column-is-layout-flow\">\n<figure class=\"wp-block-embed is-type-photo is-provider-flickr wp-block-embed-flickr\"><div class=\"wp-block-embed__wrapper\">\n<a href=\"https:\/\/www.flickr.com\/photos\/paticatalacalafell\/55132420000\/in\/album-72177720332397043\" target=\"_blank\" rel=\"noopener\"><img fetchpriority=\"high\" decoding=\"async\" src=\"https:\/\/live.staticflickr.com\/65535\/55132420000_c854275a17_c.jpg\" alt=\"Un Mediterrani Viu\" width=\"800\" height=\"600\" title=\"\"><\/a>\n<\/div><\/figure>\n<\/div>\n\n\n\n<div class=\"wp-block-column is-layout-flow wp-block-column-is-layout-flow\">\n<figure class=\"wp-block-embed is-type-photo is-provider-flickr wp-block-embed-flickr\"><div class=\"wp-block-embed__wrapper\">\n<a href=\"https:\/\/www.flickr.com\/photos\/paticatalacalafell\/55132269879\/in\/album-72177720332397043\" target=\"_blank\" rel=\"noopener\"><img decoding=\"async\" src=\"https:\/\/live.staticflickr.com\/65535\/55132269879_1c4fa0718d_c.jpg\" alt=\"Un Mediterrani Viu\" width=\"800\" height=\"600\" title=\"\"><\/a>\n<\/div><\/figure>\n<\/div>\n\n\n\n<div class=\"wp-block-column is-layout-flow wp-block-column-is-layout-flow\">\n<figure class=\"wp-block-embed is-type-photo is-provider-flickr wp-block-embed-flickr\"><div class=\"wp-block-embed__wrapper\">\n<a href=\"https:\/\/www.flickr.com\/photos\/paticatalacalafell\/55132269874\/in\/album-72177720332397043\" target=\"_blank\" rel=\"noopener\"><img decoding=\"async\" src=\"https:\/\/live.staticflickr.com\/65535\/55132269874_70edae11ec_c.jpg\" alt=\"Un Mediterrani Viu\" width=\"800\" height=\"600\" title=\"\"><\/a>\n<\/div><\/figure>\n<\/div>\n<\/div>\n\n\n\n<figure class=\"wp-block-embed is-type-rich is-provider-flickr wp-block-embed-flickr\"><div class=\"wp-block-embed__wrapper\">\n<a data-flickr-embed=\"true\" href=\"https:\/\/www.flickr.com\/photos\/paticatalacalafell\/albums\/72177720332397043\" title=\"Exposici\u00f3n &quot;Un Mediterrani Viu&quot; by Pat\u00ed Catal\u00e0 y Vela Latina de Calafell, donde Flickr\" target=\"_blank\" rel=\"noopener\"><img loading=\"lazy\" decoding=\"async\" src=\"https:\/\/live.staticflickr.com\/65535\/55132269869_47d51d3fb1_c.jpg\" width=\"800\" height=\"600\" alt=\"Un Mediterrani Viu\" title=\"\"><\/a><script async src='https:\/\/embedr.flickr.com\/assets\/client-code.js' charset='utf-8'><\/script>\n<\/div><\/figure>\n\n\n\n<p><\/p>","protected":false},"excerpt":{"rendered":"<p>La Destil\u00b7leria de Calafell acull aquests dies i durant tot el mes d\u2019abril, una exposici\u00f3 \u00fanica, que val molt la pena visitar, i que els seus creadors han titulat Un [&hellip;]<\/p>\n","protected":false},"author":3,"featured_media":5567,"comment_status":"closed","ping_status":"closed","sticky":false,"template":"","format":"standard","meta":{"footnotes":""},"categories":[10,12,17],"tags":[],"class_list":["post-5518","post","type-post","status-publish","format-standard","has-post-thumbnail","hentry","category-activitats-la-vela-llatina","category-ecomuseu","category-noticies-vela-llatina"],"_links":{"self":[{"href":"https:\/\/paticatalacalafell.cat\/es\/wp-json\/wp\/v2\/posts\/5518","targetHints":{"allow":["GET"]}}],"collection":[{"href":"https:\/\/paticatalacalafell.cat\/es\/wp-json\/wp\/v2\/posts"}],"about":[{"href":"https:\/\/paticatalacalafell.cat\/es\/wp-json\/wp\/v2\/types\/post"}],"author":[{"embeddable":true,"href":"https:\/\/paticatalacalafell.cat\/es\/wp-json\/wp\/v2\/users\/3"}],"replies":[{"embeddable":true,"href":"https:\/\/paticatalacalafell.cat\/es\/wp-json\/wp\/v2\/comments?post=5518"}],"version-history":[{"count":10,"href":"https:\/\/paticatalacalafell.cat\/es\/wp-json\/wp\/v2\/posts\/5518\/revisions"}],"predecessor-version":[{"id":5559,"href":"https:\/\/paticatalacalafell.cat\/es\/wp-json\/wp\/v2\/posts\/5518\/revisions\/5559"}],"wp:featuredmedia":[{"embeddable":true,"href":"https:\/\/paticatalacalafell.cat\/es\/wp-json\/wp\/v2\/media\/5567"}],"wp:attachment":[{"href":"https:\/\/paticatalacalafell.cat\/es\/wp-json\/wp\/v2\/media?parent=5518"}],"wp:term":[{"taxonomy":"category","embeddable":true,"href":"https:\/\/paticatalacalafell.cat\/es\/wp-json\/wp\/v2\/categories?post=5518"},{"taxonomy":"post_tag","embeddable":true,"href":"https:\/\/paticatalacalafell.cat\/es\/wp-json\/wp\/v2\/tags?post=5518"}],"curies":[{"name":"wp","href":"https:\/\/api.w.org\/{rel}","templated":true}]}}